{"id":358,"date":"2020-08-10T20:42:32","date_gmt":"2020-08-10T20:42:32","guid":{"rendered":"http:\/\/fisica.ugto.mx\/~datalab\/?p=358"},"modified":"2020-08-10T20:43:10","modified_gmt":"2020-08-10T20:43:10","slug":"covidreportegto7ago20","status":"publish","type":"post","link":"http:\/\/fisica.ugto.mx\/~datalab\/covidreportegto7ago20\/","title":{"rendered":"PROYECCIONES DE LA EVOLUCI\u00d3N DE LA EPIDEMIA COVID-19 EN GUANAJUATO (7 de Agosto de 2020)"},"content":{"rendered":"\n<div class=\"wp-block-image\"><figure class=\"aligncenter\"><img decoding=\"async\" loading=\"lazy\" width=\"278\" height=\"181\" src=\"http:\/\/fisica.ugto.mx\/~datalab\/wp-content\/uploads\/2020\/07\/image.jpeg\" alt=\"Guanajuato - Wikipedia\" class=\"wp-image-281\"\/><\/figure><\/div>\n\n\n\n<p><a href=\"http:\/\/fisica.ugto.mx\/~datalab\/covid19rep\/ReporteCovidGto.7Ago20.pdf\" target=\"_blank\" rel=\"noreferrer noopener\"><span style=\"color:#0693e3\" class=\"tadv-color\">Versi\u00f3n descargable en PDF<\/span><\/a><\/p>\n\n\n\n<p>Se presentan estimaciones futuras sobre la evoluci\u00f3n de la pandemia de Covid-19 en el estado de Guanajuato con datos desde el <strong>6 de abril de 2020<\/strong> al <strong>6 de Agosto de 2020<\/strong>. El objetivo es proveer de un estimado de la evoluci\u00f3n de la epidemia local en el estado, y el an\u00e1lisis se realiza mediante el empleo de herramientas validadas en el an\u00e1lisis de datos. Las proyecciones se hacen con base en los n\u00fameros proporcionados por la Secretar\u00eda de Salud del Estado de Guanajuato en sus reportes diarios. Por el car\u00e1cter de crecimiento exponencial, el comportamiento social y otros factores en las epidemias, es importante tomar estos estimados con cuidado, y pensarlos como posibles escenarios en lugar de afirmaciones sobre futuro.<\/p>\n\n\n\n<p>Utilizamos modelos de compartimientos, definidos por ecuaciones diferenciales con cuatro poblaciones (Susceptibles a enfermarse, Infectados, Recuperados y Muertos), cuya comparaci\u00f3n con los datos sigue diferentes metodolog\u00edas. Los par\u00e1metros se estiman de los datos, sin recurrir a estudios realizados bajo condiciones diferentes. El modelo toma en cuenta las intervenciones para controlar la epidemia a trav\u00e9s del cambio en el tiempo de la tasa de contagio.&nbsp; Para los detalles t\u00e9cnicos invitamos a ver el documento de la metodolog\u00eda y resultados.<\/p>\n\n\n\n<p><strong>PROYECCIONES<\/strong><\/p>\n\n\n\n<p>El n\u00famero de casos confirmados y fallecidos en el corto y mediano plazo se presentan en la tabla 1, donde ponemos el d\u00eda esperado junto con un margen de confianza del 95%. A su vez, incluimos la proyecci\u00f3n de los puntos de inflexi\u00f3n en la tabla 2.<\/p>\n\n\n\n<p><strong>COMPARACI\u00d3N DEL <a href=\"http:\/\/fisica.ugto.mx\/~datalab\/covidreportegto31jul20\/\">REPORTE ANTERIOR<\/a> CON DATOS<\/strong><\/p>\n\n\n\n<figure class=\"wp-block-table\"><table><tbody><tr><td>Campo<\/td><td class=\"has-text-align-center\" data-align=\"center\">Datos reales<\/td><td class=\"has-text-align-center\" data-align=\"center\">Cota inferior<br>(2.5%)<\/td><td class=\"has-text-align-center\" data-align=\"center\">Predicci\u00f3n promedio<\/td><td class=\"has-text-align-center\" data-align=\"center\">Cota Superior<br>(97.5%)<\/td><\/tr><tr><td>Casos confirmados acumulados<\/td><td class=\"has-text-align-center\" data-align=\"center\">25,289<\/td><td class=\"has-text-align-center\" data-align=\"center\">24,900<\/td><td class=\"has-text-align-center\" data-align=\"center\">25,740<\/td><td class=\"has-text-align-center\" data-align=\"center\">26,610<\/td><\/tr><tr><td>Fallecidos confirmados acumulados<\/td><td class=\"has-text-align-center\" data-align=\"center\">1,497<\/td><td class=\"has-text-align-center\" data-align=\"center\">1,690<\/td><td class=\"has-text-align-center\" data-align=\"center\">1,730<\/td><td class=\"has-text-align-center\" data-align=\"center\">1,770<\/td><\/tr><\/tbody><\/table><figcaption><span style=\"color:#eeeeee\" class=\"tadv-color\">Tabla 1a. Comparaci\u00f3n de los Casos Confirmados y Fallecidos acumulados observados en M\u00e9xico con respecto al reporte anterior, donde se incluyen los intervalos de confianza<\/span><\/figcaption><\/figure>\n\n\n\n<p><strong>ESTIMACIONES AL 14 DE AGOSTO DE 2020<\/strong><\/p>\n\n\n\n<figure class=\"wp-block-table\"><table><tbody><tr><td>Campo<\/td><td class=\"has-text-align-center\" data-align=\"center\">Cota inferior (2.5%)<\/td><td class=\"has-text-align-center\" data-align=\"center\">Predicci\u00f3n promedio<\/td><td class=\"has-text-align-center\" data-align=\"center\">Cota Superior (97.5%)<\/td><\/tr><tr><td>Casos confirmados acumulados<\/td><td class=\"has-text-align-center\" data-align=\"center\">26,860<\/td><td class=\"has-text-align-center\" data-align=\"center\">27,590<\/td><td class=\"has-text-align-center\" data-align=\"center\">28,470<\/td><\/tr><tr><td>Fallecidos confirmados acumulados<\/td><td class=\"has-text-align-center\" data-align=\"center\">1,800<\/td><td class=\"has-text-align-center\" data-align=\"center\">1,850<\/td><td class=\"has-text-align-center\" data-align=\"center\">1,900<\/td><\/tr><tr><td>Infectados totales (incluyendo asintom\u00e1ticos)<\/td><td class=\"has-text-align-center\" data-align=\"center\">180,000<\/td><td class=\"has-text-align-center\" data-align=\"center\">185,000<\/td><td class=\"has-text-align-center\" data-align=\"center\">190,000<\/td><\/tr><\/tbody><\/table><figcaption><span style=\"color:#eeeeee\" class=\"tadv-color\">Tabla 1b. Casos Confirmados y Fallecidos en el corto plazo, con sus intervalos de confianza. Se han redondeado los n\u00fameros a su decena m\u00e1s cercana dado el orden de magnitud de las cantidades.<\/span><\/figcaption><\/figure>\n\n\n\n<p><strong>ESTIMACIONES AL 28 DE AGOSTO DE 2020<\/strong><\/p>\n\n\n\n<figure class=\"wp-block-table\"><table><tbody><tr><td>Campo<\/td><td>Cota inferior<br>(2.5%)<\/td><td>Predicci\u00f3n<br>promedio<\/td><td>Cota Superior<br>(97.5%)<\/td><\/tr><tr><td>Casos confirmados<br>acumulados<\/td><td>35,810<\/td><td>37,340<\/td><td>39,250<\/td><\/tr><tr><td>Fallecidos confirmados<br>acumulados<\/td><td>2,550<\/td><td>2,640<\/td><td>2,750<\/td><\/tr><tr><td>Infectados totales<br>(incluyendo asintom\u00e1ticos)<\/td><td>255,000<\/td><td>264,000<\/td><td>275,000<\/td><\/tr><\/tbody><\/table><figcaption><span style=\"color:#eeeeee\" class=\"tadv-color\">Tabla 1c. Casos Confirmados y Fallecidos en el largo plazo, con sus intervalos de confianza. Se han redondeado los n\u00fameros a su decena m\u00e1s cercana dado el orden de magnitud de las cantidades.<\/span><\/figcaption><\/figure>\n\n\n\n<p><strong>ESTIMACIONES DE LOS M\u00c1XIMOS Y EVOLUCI\u00d3N GENERAL<\/strong><\/p>\n\n\n\n<figure class=\"wp-block-table\"><table><tbody><tr><td>Campo<\/td><td>Cota inferior<br>(2.5%)<\/td><td>Predicci\u00f3n promedio<\/td><td>Cota Superior<br>(97.5%)<\/td><\/tr><tr><td>Casos confirmados diarios<\/td><td>10 de Sept.<\/td><td>17 de Sept.<\/td><td>26 de Sept.<\/td><\/tr><tr><td>Casos activos<\/td><td>29 de Sept.<\/td><td>6 de Oct.<\/td><td>16 de Oct.<\/td><\/tr><tr><td>Fallecidos diarios<\/td><td>29 de Sept.<\/td><td>6 de Oct.<\/td><td>16 de Oct.<\/td><\/tr><\/tbody><\/table><figcaption><span style=\"color:#eeeeee\" class=\"tadv-color\">Tabla 2. Fechas en las que se alcanzan los m\u00e1ximos esperados para Casos Confirmados de cada d\u00eda, los Casos Activos y Fallecidos diarios con sus intervalos de confianza. Tambi\u00e9n se muestra la fecha en la que se alcanza el 90% de los fallecidos que tendr\u00e1 la primer ola de la epidemia.<\/span><\/figcaption><\/figure>\n\n\n\n<p>El n\u00famero de infectados, que incluye casos asintom\u00e1ticos y no detectados, es derivado asumiendo que la tasa de mortalidad sobre los casos infectados es del 1% de forma consistente con estudios de la literatura. En las gr\u00e1ficas de la Figura 1 observamos el modelo y sus proyecciones de los casos confirmados diarios y de los fallecidos acumulados.<\/p>\n\n\n\n<figure class=\"wp-block-image size-large\"><img decoding=\"async\" loading=\"lazy\" width=\"873\" height=\"477\" src=\"http:\/\/fisica.ugto.mx\/~datalab\/wp-content\/uploads\/2020\/08\/image-6.png\" alt=\"\" class=\"wp-image-359\" srcset=\"http:\/\/fisica.ugto.mx\/~datalab\/wp-content\/uploads\/2020\/08\/image-6.png 873w, http:\/\/fisica.ugto.mx\/~datalab\/wp-content\/uploads\/2020\/08\/image-6-300x164.png 300w, http:\/\/fisica.ugto.mx\/~datalab\/wp-content\/uploads\/2020\/08\/image-6-768x420.png 768w\" sizes=\"(max-width: 706px) 89vw, (max-width: 767px) 82vw, 740px\" \/><figcaption><span style=\"color:#eeeeee\" class=\"tadv-color\">Figura 1. Modelo matem\u00e1tico contra datos confirmados de infecciones diarias y de decesos acumulados. Las curvas s\u00f3lidas son el promedio de la predicci\u00f3n<\/span><\/figcaption><\/figure>\n\n\n\n<p>En la Figura 2 mostramos como se ha comportado el n\u00famero de reproducci\u00f3n efectivo <em>R<\/em> en el estado. Manteniendo el comportamiento actual faltar\u00eda m\u00e1s de un mes para llegar cruza <em>R=1<\/em>, lo cual corresponde al m\u00e1ximo de casos activos. Se observa un valor bajo inicial comparado con el de todo el pa\u00eds, logr\u00e1ndose una excelente mitigaci\u00f3n inicial, pero no ha habido mucho cambio desde esa fecha, excepto quiz\u00e1 por las \u00faltimas fechas. Esto indica que las medidas de contenci\u00f3n no han sido suficientes para detener la infecci\u00f3n ahora ni en un futuro cercano.<\/p>\n\n\n\n<figure class=\"wp-block-image size-large\"><img decoding=\"async\" loading=\"lazy\" width=\"669\" height=\"398\" src=\"http:\/\/fisica.ugto.mx\/~datalab\/wp-content\/uploads\/2020\/08\/image-7.png\" alt=\"\" class=\"wp-image-360\" srcset=\"http:\/\/fisica.ugto.mx\/~datalab\/wp-content\/uploads\/2020\/08\/image-7.png 669w, http:\/\/fisica.ugto.mx\/~datalab\/wp-content\/uploads\/2020\/08\/image-7-300x178.png 300w\" sizes=\"(max-width: 669px) 100vw, 669px\" \/><figcaption><span style=\"color:#eeeeee\" class=\"tadv-color\">Figura 2.&nbsp; Evoluci\u00f3n temporal del n\u00famero de reproducci\u00f3n <em>R<\/em>. El modelo predice el cruce <em>R=<\/em>1 el mismo d\u00eda que los casos activos lleguen al m\u00e1ximo (bandas grises verticales). La l\u00ednea negra vertical corresponde al \u00faltimo d\u00eda de datos. Las infecciones secundarias se calculan a partir del cociente de promedios de infectados activos con un desfase de 5 d\u00edas de incubaci\u00f3n del virus (con un intervalo de confianza de 4 a 7 d\u00edas).<\/span><\/figcaption><\/figure>\n\n\n\n<p><strong>CONCLUSIONES<\/strong><\/p>\n\n\n\n<p>Continuamos en la fase exponencial, pero el hecho de que los decesos predichos la semana pasada hayan sido  m\u00e1s que los observados ha movido el modelo hacia abajo. Por lo tanto, se espera el m\u00e1ximo en los casos confirmados para el 17 de Septiembre, con el intervalo de confianza del 95% entre el 10 y 26 de Septiembre. Si seguimos con la tendencia de mitigaci\u00f3n que hasta el momento se aprecia en el Estado, esperamos que este m\u00e1ximo se adelante, reduciendo las proyecciones del modelo en las pr\u00f3ximas semanas.<\/p>\n\n\n\n<p><strong><em><span style=\"color:#0693e3\" class=\"tadv-color\">RECOMENDACI\u00d3N GENERAL: Reforzar las medidas de mitigaci\u00f3n impuestas por los gobiernos municipales, estatales y federal para reducir, en la medida de lo posible, nuevos contagios dentro del Estado de Guanajuato.<\/span><\/em><\/strong><\/p>\n\n\n\n<p>Agradecemos el apoyo otorgado por la Direcci\u00f3n de Investigaci\u00f3n y Apoyo al Posgrado, de la Universidad de Guanajuato, a trav\u00e9s de los proyectos: COVID19-UG 36\/2020, 032\/2020 del Programa de Desarrollo del Personal Docente (PRODEP), CIIC 290\/2020;&nbsp; del CONACYT a trav\u00e9s de los proyectos AS1-17, A1-S- 37752; del Sistema Nacional de Investigadores, y la infraestructura del Laboratorio de Datos de la DCI-UG.<\/p>\n\n\n\n<p>Investigadores participantes: Juan Barranco<sup>(1)<\/sup>, Argelia Bernal<sup>(1)<\/sup>, Nana Cabo<sup>(1)<\/sup>, Alma Gonz\u00e1lez<sup>(1,2)<\/sup>, Dami\u00e1n Mayorga<sup>(3)<\/sup>, Gustavo Niz<sup>(1)<\/sup> y Luis Ure\u00f1a<sup>(1)<\/sup>.<\/p>\n\n\n\n<ol><li>Departamento de F\u00edsica, DCI, UG \u2013 Campus Le\u00f3n.<\/li><li>C\u00e1tedra Conacyt.<\/li><li>Instituto Mandelstam de F\u00edsica Te\u00f3rica, Universidad de Witwatersrand, Sud\u00e1frica.<\/li><\/ol>\n","protected":false},"excerpt":{"rendered":"<p>Versi\u00f3n descargable en PDF Se presentan estimaciones futuras sobre la evoluci\u00f3n de la pandemia de Covid-19 en el estado de Guanajuato con datos desde el 6 de abril de 2020 al 6 de Agosto de 2020. El objetivo es proveer de un estimado de la evoluci\u00f3n de la epidemia local en el estado, y el &hellip; <\/p>\n<p class=\"link-more\"><a href=\"http:\/\/fisica.ugto.mx\/~datalab\/covidreportegto7ago20\/\" class=\"more-link\">Continue reading<span class=\"screen-reader-text\"> &#8220;PROYECCIONES DE LA EVOLUCI\u00d3N DE LA EPIDEMIA COVID-19 EN GUANAJUATO (7 de Agosto de 2020)&#8221;<\/span><\/a><\/p>\n","protected":false},"author":1,"featured_media":0,"comment_status":"closed","ping_status":"open","sticky":false,"template":"","format":"standard","meta":[],"categories":[1],"tags":[],"_links":{"self":[{"href":"http:\/\/fisica.ugto.mx\/~datalab\/wp-json\/wp\/v2\/posts\/358"}],"collection":[{"href":"http:\/\/fisica.ugto.mx\/~datalab\/wp-json\/wp\/v2\/posts"}],"about":[{"href":"http:\/\/fisica.ugto.mx\/~datalab\/wp-json\/wp\/v2\/types\/post"}],"author":[{"embeddable":true,"href":"http:\/\/fisica.ugto.mx\/~datalab\/wp-json\/wp\/v2\/users\/1"}],"replies":[{"embeddable":true,"href":"http:\/\/fisica.ugto.mx\/~datalab\/wp-json\/wp\/v2\/comments?post=358"}],"version-history":[{"count":3,"href":"http:\/\/fisica.ugto.mx\/~datalab\/wp-json\/wp\/v2\/posts\/358\/revisions"}],"predecessor-version":[{"id":363,"href":"http:\/\/fisica.ugto.mx\/~datalab\/wp-json\/wp\/v2\/posts\/358\/revisions\/363"}],"wp:attachment":[{"href":"http:\/\/fisica.ugto.mx\/~datalab\/wp-json\/wp\/v2\/media?parent=358"}],"wp:term":[{"taxonomy":"category","embeddable":true,"href":"http:\/\/fisica.ugto.mx\/~datalab\/wp-json\/wp\/v2\/categories?post=358"},{"taxonomy":"post_tag","embeddable":true,"href":"http:\/\/fisica.ugto.mx\/~datalab\/wp-json\/wp\/v2\/tags?post=358"}],"curies":[{"name":"wp","href":"https:\/\/api.w.org\/{rel}","templated":true}]}}